{"id":2956,"date":"2025-12-02T22:51:56","date_gmt":"2025-12-02T22:51:56","guid":{"rendered":"https:\/\/valedovez.pt\/?p=2956"},"modified":"2025-12-05T17:46:04","modified_gmt":"2025-12-05T17:46:04","slug":"rio-vez-et-la-ville-darcos-de-valdevez","status":"publish","type":"post","link":"https:\/\/valedovez.pt\/fr\/rio-vez-et-la-ville-darcos-de-valdevez\/","title":{"rendered":"La rivi\u00e8re Vez et la ville d'Arcos de Valdevez"},"content":{"rendered":"<p>En arrivant \u00e0 Arcos de Valdevez, on se rend vite compte que le fleuve est le protagoniste. La Vez traverse calmement la ville, refl\u00e8te les maisons et les arbres, soutient le pont historique et donne vie aux jardins riverains. Autour de lui s'organisent des promenades, des souvenirs, des photographies, des plong\u00e9es estivales et des histoires anciennes, dont une qui a contribu\u00e9 \u00e0 d\u00e9finir le destin du Portugal.<\/p>\n\n\n\n<p>C'est l'un de ces endroits o\u00f9 l'on sent que le paysage et la ville ont grandi ensemble. Pour les touristes et les habitants, la <strong>\u201cproduit\u201d Rio Vez + Arcos de Valdevez<\/strong> est avant tout une fa\u00e7on de bien vivre \u00e0 l'ext\u00e9rieur.<\/p>\n\n\n\n<div style=\"height:35px\" aria-hidden=\"true\" class=\"wp-block-spacer\"><\/div>\n\n\n\n<h4 class=\"wp-block-heading\">Le premier contact : le pont et le miroir d'eau<\/h4>\n\n\n\n<p>L'image la plus connue d'Arcos de Valdevez est sans doute celle de la <strong>Vieux pont<\/strong> la travers\u00e9e de la rivi\u00e8re Vez, avec les maisons en arri\u00e8re-plan et le reflet parfait dans l'eau par temps calme.<\/p>\n\n\n\n<p>Y arriver le soir est une petite le\u00e7on de simplicit\u00e9 :<\/p>\n\n\n\n<ul class=\"wp-block-list\">\n<li>familles se promenant dans le jardin ;<\/li>\n\n\n\n<li>des enfants \u00e0 v\u00e9lo ;<\/li>\n\n\n\n<li>des seniors qui discutent sur les bancs ;<\/li>\n\n\n\n<li>des visiteurs qui s'arr\u00eatent, respirent, regardent et, bien s\u00fbr, prennent une photo.<\/li>\n<\/ul>\n\n\n\n<p>Ce n'est pas un paysage \u201cam\u00e9nag\u00e9\u201d pour les touristes. C'est le quotidien d'une ville qui a appris \u00e0 bien utiliser son fleuve : avec des espaces paysagers, des chemins pi\u00e9tonniers, des aires de repos et cette sensation d'\u00eatre au centre, mais sans stress.<\/p>\n\n\n\n<div style=\"height:35px\" aria-hidden=\"true\" class=\"wp-block-spacer\"><\/div>\n\n\n\n<h4 class=\"wp-block-heading\">Ecovia do Vez et ses passerelles : toujours marcher au bord de l'eau<\/h4>\n\n\n\n<p>Depuis la ville, la rivi\u00e8re n'est pas un simple paysage, c'est un chemin. A <strong>Ecovia do Vez<\/strong> Kilom\u00e8tre apr\u00e8s kilom\u00e8tre, vous pouvez suivre le cours d'eau, tant\u00f4t sur des sentiers plus naturels, tant\u00f4t sur des passerelles et des tron\u00e7ons am\u00e9nag\u00e9s.<\/p>\n\n\n\n<p>Le long du parcours, les \u00e9l\u00e9ments qui marquent l'identit\u00e9 de la vall\u00e9e se r\u00e9p\u00e8tent :<\/p>\n\n\n\n<ul class=\"wp-block-list\">\n<li>les petits ponts ;<\/li>\n\n\n\n<li>anciens moulins ;<\/li>\n\n\n\n<li>les zones sablonneuses et rocheuses o\u00f9 vous avez envie de vous arr\u00eater ;<\/li>\n\n\n\n<li>l'ombre des aulnes et des saules ;<\/li>\n\n\n\n<li>des sites d'observation des oiseaux et de la v\u00e9g\u00e9tation riveraine.<\/li>\n<\/ul>\n\n\n\n<p>C'est une exp\u00e9rience tr\u00e8s polyvalente :<\/p>\n\n\n\n<ul class=\"wp-block-list\">\n<li>Si vous souhaitez simplement faire une petite promenade, vous pouvez marcher pendant une demi-heure dans chaque direction, sans ascension majeure ;<\/li>\n\n\n\n<li>ceux qui aiment marcher plus longtemps ont plusieurs kilom\u00e8tres \u00e0 leur disposition ;<\/li>\n\n\n\n<li>les amateurs de course \u00e0 pied ou de v\u00e9lo trouveront ici une \u201csalle de sport naturelle\u201d avec une vue permanente sur le fleuve.<\/li>\n<\/ul>\n\n\n\n<p>En \u00e9t\u00e9, l'\u00e9covia prend une autre dimension : c'est la porte d'entr\u00e9e de la ville. <strong>plages et lagons fluviaux<\/strong> o\u00f9 l'on peut se baigner, \u00e9tendre sa serviette et passer l'apr\u00e8s-midi.<\/p>\n\n\n\n<div style=\"height:35px\" aria-hidden=\"true\" class=\"wp-block-spacer\"><\/div>\n\n\n\n<h4 class=\"wp-block-heading\">Pa\u00e7o de Giela : la ville vue d'en haut et l'histoire en vue<\/h4>\n\n\n\n<p>Un peu \u00e0 l'\u00e9cart du centre, mais toujours tr\u00e8s proche, se trouve l'h\u00f4tel de ville. <strong>Pa\u00e7o de Giela<\/strong>, L'ancien manoir fortifi\u00e9 domine la vall\u00e9e de Vez. Vu de loin, il impose le respect ; vu de pr\u00e8s, il surprend par sa restauration soign\u00e9e et le dialogue entre la pierre ancienne et l'intervention contemporaine.<\/p>\n\n\n\n<p>\u00c0 l'int\u00e9rieur, les visiteurs trouveront<\/p>\n\n\n\n<ul class=\"wp-block-list\">\n<li>une tour qui invite \u00e0 monter pour voir la vall\u00e9e de Vez et la ville en perspective ;<\/li>\n\n\n\n<li>un espace d'exposition qui permet de comprendre l'importance de ce manoir au fil des si\u00e8cles ;<\/li>\n\n\n\n<li>un contenu interpr\u00e9tatif sur la r\u00e9gion, la rivi\u00e8re et les c\u00e9l\u00e8bres <strong>Recontro de Valdevez<\/strong>.<\/li>\n<\/ul>\n\n\n\n<p>La visite du Pa\u00e7o se combine tr\u00e8s bien avec une promenade le long de la rivi\u00e8re. On d\u00e9couvre d'abord la Vez au niveau de l'eau, puis on la voit d'en haut, en comprenant comment la ville s'est organis\u00e9e autour de la rivi\u00e8re et de ses rives fertiles.<\/p>\n\n\n\n<div style=\"height:35px\" aria-hidden=\"true\" class=\"wp-block-spacer\"><\/div>\n\n\n\n<h4 class=\"wp-block-heading\">La reconnaissance de Valdevez : quand l'histoire passe par la vall\u00e9e<\/h4>\n\n\n\n<p>L'un des points les plus int\u00e9ressants de l'exp\u00e9rience d'Arcos est la d\u00e9couverte que cette vall\u00e9e tranquille a \u00e9t\u00e9 le th\u00e9\u00e2tre d'un moment d\u00e9cisif dans la formation du Portugal : la guerre de S\u00e9cession. <strong>Recontro de Valdevez<\/strong>.<\/p>\n\n\n\n<p>Sans entrer dans les d\u00e9tails, l'id\u00e9e est simple et puissante pour raconter des histoires :<\/p>\n\n\n\n<ul class=\"wp-block-list\">\n<li>Au milieu du XIIe si\u00e8cle, les forces des rois Afonso Henriques et Afonso VII de Le\u00f3n et de Castille se sont rencontr\u00e9es dans cette vall\u00e9e ;<\/li>\n\n\n\n<li>Au lieu d'une bataille sanglante, on assiste \u00e0 une sorte de \u201ctournoi\u201d ou d'affrontement contr\u00f4l\u00e9 entre chevaliers ;<\/li>\n\n\n\n<li>le r\u00e9sultat a contribu\u00e9 \u00e0 renforcer la position d'Afonso Henriques et, plus tard, \u00e0 la reconnaissance de l'ind\u00e9pendance du Portugal.<\/li>\n<\/ul>\n\n\n\n<p>Aujourd'hui, cette histoire est pr\u00e9sente :<\/p>\n\n\n\n<ul class=\"wp-block-list\">\n<li>en <strong>monument \u00e9questre<\/strong> au bord de la rivi\u00e8re, qui repr\u00e9sente les chevaliers dans un combat symbolique ;<\/li>\n\n\n\n<li>sur les panneaux et le mat\u00e9riel d'interpr\u00e9tation ;<\/li>\n\n\n\n<li>dans le <strong>loisirs historiques<\/strong> qui, \u00e0 certaines p\u00e9riodes de l'ann\u00e9e, anime la vall\u00e9e avec des figurants, des armes d'\u00e9poque, un march\u00e9 m\u00e9di\u00e9val et des reconstitutions.<\/li>\n<\/ul>\n\n\n\n<p>Pour les visiteurs, c'est une occasion rare de se trouver dans un lieu o\u00f9 le r\u00e9cit national n'est pas abstrait : cela s'est pass\u00e9 l\u00e0, dans ce champ, au bord de cette rivi\u00e8re qui coule aujourd'hui paisiblement.<\/p>\n\n\n\n<div style=\"height:35px\" aria-hidden=\"true\" class=\"wp-block-spacer\"><\/div>\n\n\n\n<h4 class=\"wp-block-heading\">Le village : la vie locale \u00e0 l'\u00e9chelle humaine<\/h4>\n\n\n\n<p>Outre les ic\u00f4nes - pont, rivi\u00e8re, Pa\u00e7o, monument - la ville d'Arcos de Valdevez poss\u00e8de un charme discret que l'on d\u00e9couvre \u00e0 pied.<\/p>\n\n\n\n<p>Le centre offre :<\/p>\n\n\n\n<ul class=\"wp-block-list\">\n<li>Des rues avec des boutiques traditionnelles m\u00e9lang\u00e9es \u00e0 des caf\u00e9s et des p\u00e2tisseries modernes ;<\/li>\n\n\n\n<li>des terrasses o\u00f9 l'on peut d\u00e9guster un caf\u00e9, une part de g\u00e2teau ou une collation avec vue sur le mouvement ;<\/li>\n\n\n\n<li>des places et des squares qui fonctionnent comme des salons \u00e0 ciel ouvert ;<\/li>\n\n\n\n<li>des petites \u00e9glises et des b\u00e2timents historiques surgissent \u00e0 chaque coin de rue.<\/li>\n<\/ul>\n\n\n\n<p>C'est un cadre id\u00e9al pour une fin d'apr\u00e8s-midi apr\u00e8s une journ\u00e9e plus active \u00e0 se promener le long de la Vez ou \u00e0 explorer la municipalit\u00e9. L'\u00e9chelle est humaine : tout se fait bien \u00e0 pied, sans pr\u00e9cipitation, en prenant le temps d'observer les d\u00e9tails.<\/p>\n\n\n\n<div style=\"height:35px\" aria-hidden=\"true\" class=\"wp-block-spacer\"><\/div>\n\n\n\n<h4 class=\"wp-block-heading\">Vivre la rivi\u00e8re Vez et Arcos \u00e0 des rythmes diff\u00e9rents<\/h4>\n\n\n\n<p>Ce \u201cproduit\u201d peut \u00eatre exp\u00e9riment\u00e9 de diff\u00e9rentes mani\u00e8res, en fonction de qui vous \u00eates et du temps dont vous disposez :<\/p>\n\n\n\n<ul class=\"wp-block-list\">\n<li><strong>Familles<\/strong> - Ils peuvent choisir un tron\u00e7on facile de l'\u00e9covia, s'arr\u00eater dans une zone sablonneuse, jouer au bord de la rivi\u00e8re, pique-niquer dans les jardins et terminer par une glace dans le village.<\/li>\n\n\n\n<li><strong>Couples<\/strong> - une promenade le long de la Vez en fin de journ\u00e9e, une mont\u00e9e au Pa\u00e7o de Giela pour admirer le coucher du soleil, un d\u00eener tranquille dans le centre.<\/li>\n\n\n\n<li><strong>Sportifs<\/strong> - course \u00e0 pied le matin ou en fin d'apr\u00e8s-midi sur l'\u00e9covia, entra\u00eenement \u00e0 v\u00e9lo sur la route de la vall\u00e9e, baignade rapide dans la rivi\u00e8re en guise de r\u00e9compense.<\/li>\n\n\n\n<li><strong>Curieux d'histoire<\/strong> - promenade l\u00e9g\u00e8re le long du fleuve, visite guid\u00e9e du Pa\u00e7o de Giela, arr\u00eat au monument Recontro, lecture des panneaux explicatifs.<\/li>\n<\/ul>\n\n\n\n<p>Dans tous les cas, la sensation finale tend \u00e0 \u00eatre similaire : celle d'avoir pass\u00e9 une journ\u00e9e dans un centre d'accueil. <strong>bien rempli, mais sans stress<\/strong>, dans un environnement o\u00f9 la nature, l'histoire et la vie locale coexistent de mani\u00e8re tr\u00e8s naturelle.<\/p>\n\n\n\n<div style=\"height:35px\" aria-hidden=\"true\" class=\"wp-block-spacer\"><\/div>\n\n\n\n<h4 class=\"wp-block-heading\">Un patrimoine qui se ressent et ne se \u201cconsomme\u201d pas\u201d<\/h4>\n\n\n\n<p>L'ensemble <strong>Rivi\u00e8re Vez + ville d'Arcos de Valdevez<\/strong> Il ne s'agit pas d'une attraction isol\u00e9e, du genre \u201callez-y, voyez-la et rayez-la de votre liste\u201d. Il s'agit plut\u00f4t d'un environnement, d'une mani\u00e8re d'\u00eatre.<\/p>\n\n\n\n<p>Pour en tirer le meilleur parti :<\/p>\n\n\n\n<ul class=\"wp-block-list\">\n<li>Il vaut la peine de pr\u00e9voir au moins une journ\u00e9e enti\u00e8re, id\u00e9alement pour se promener, s'arr\u00eater, monter au Pa\u00e7o et revenir \u00e0 la rivi\u00e8re ;<\/li>\n\n\n\n<li>il est important d'accepter le rythme local - plus lent que celui d'une ville, plus attentif aux d\u00e9tails ;<\/li>\n\n\n\n<li>il est important de consid\u00e9rer la rivi\u00e8re non seulement comme un d\u00e9cor, mais aussi comme un \u00e9l\u00e9ment qui a structur\u00e9 le territoire : l'agriculture, les ponts, les \u00e9tablissements humains, voire les d\u00e9cisions politiques.<\/li>\n<\/ul>\n\n\n\n<p>Au final, ce qui reste, ce n'est pas seulement le souvenir du vieux pont ou d'une baignade rafra\u00eechissante. Il reste l'id\u00e9e d'une vall\u00e9e mise \u00e0 profit, d'une ville qui a su placer la rivi\u00e8re au centre de son identit\u00e9 et d'un lieu o\u00f9 il est facile de se sentir bien.<\/p>","protected":false},"excerpt":{"rendered":"<p>En arrivant \u00e0 Arcos de Valdevez, on se rend vite compte que le fleuve est le protagoniste. La Vez traverse tranquillement la ville, refl\u00e8te les maisons et les arbres, soutient le pont historique et donne vie aux jardins riverains. Autour d'elle, il y a des promenades organis\u00e9es, des souvenirs, des photographies, des plong\u00e9es estivales et de vieilles histoires - dont une qui a aid\u00e9 [...]<\/p>","protected":false},"author":1,"featured_media":2957,"comment_status":"open","ping_status":"open","sticky":false,"template":"","format":"standard","meta":{"footnotes":""},"categories":[11],"tags":[],"class_list":["post-2956","post","type-post","status-publish","format-standard","has-post-thumbnail","hentry","category-trilho"],"_links":{"self":[{"href":"https:\/\/valedovez.pt\/fr\/wp-json\/wp\/v2\/posts\/2956","targetHints":{"allow":["GET"]}}],"collection":[{"href":"https:\/\/valedovez.pt\/fr\/wp-json\/wp\/v2\/posts"}],"about":[{"href":"https:\/\/valedovez.pt\/fr\/wp-json\/wp\/v2\/types\/post"}],"author":[{"embeddable":true,"href":"https:\/\/valedovez.pt\/fr\/wp-json\/wp\/v2\/users\/1"}],"replies":[{"embeddable":true,"href":"https:\/\/valedovez.pt\/fr\/wp-json\/wp\/v2\/comments?post=2956"}],"version-history":[{"count":0,"href":"https:\/\/valedovez.pt\/fr\/wp-json\/wp\/v2\/posts\/2956\/revisions"}],"wp:featuredmedia":[{"embeddable":true,"href":"https:\/\/valedovez.pt\/fr\/wp-json\/wp\/v2\/media\/2957"}],"wp:attachment":[{"href":"https:\/\/valedovez.pt\/fr\/wp-json\/wp\/v2\/media?parent=2956"}],"wp:term":[{"taxonomy":"category","embeddable":true,"href":"https:\/\/valedovez.pt\/fr\/wp-json\/wp\/v2\/categories?post=2956"},{"taxonomy":"post_tag","embeddable":true,"href":"https:\/\/valedovez.pt\/fr\/wp-json\/wp\/v2\/tags?post=2956"}],"curies":[{"name":"wp","href":"https:\/\/api.w.org\/{rel}","templated":true}]}}