{"id":2950,"date":"2025-12-02T22:47:34","date_gmt":"2025-12-02T22:47:34","guid":{"rendered":"https:\/\/valedovez.pt\/?p=2950"},"modified":"2025-12-02T22:54:52","modified_gmt":"2025-12-02T22:54:52","slug":"porte-mezio","status":"publish","type":"post","link":"https:\/\/valedovez.pt\/fr\/porte-mezio\/","title":{"rendered":"Porte de Mezio"},"content":{"rendered":"<p>Beaucoup disent que le parc national de Peneda-Ger\u00eas commence \u00e0 la porte de Mezio. Il ne s'agit pas d'une fronti\u00e8re officielle, bien s\u00fbr, mais d'un point o\u00f9 la montagne devient plus proche, plus organis\u00e9e et plus accessible. Pour les familles, les curieux et les amoureux de la nature, c'est la fa\u00e7on la plus simple d\u201c\u201douvrir la porte\" de la montagne.<\/p>\n\n\n\n<p>La route grimpe entre les bois, les courbes douces et les petites places jusqu'\u00e0 ce que, soudain, le paysage s'ouvre sur un vaste plateau. C'est l\u00e0 que se trouve Porta do Mezio : un ensemble de b\u00e2timents int\u00e9gr\u00e9s dans le paysage, entour\u00e9s d'arbres, de chemins, de structures en bois, d'espaces de loisirs et de cette agr\u00e9able sensation d'air plus l\u00e9ger.<\/p>\n\n\n\n<div style=\"height:35px\" aria-hidden=\"true\" class=\"wp-block-spacer\"><\/div>\n\n\n\n<h4 class=\"wp-block-heading\">Un parc \u00e0 d\u00e9couvrir<\/h4>\n\n\n\n<p>La grande force de Porta do Mezio est d'\u00eatre \u00e0 la fois.., <strong>point d'arriv\u00e9e et point de d\u00e9part<\/strong>.<\/p>\n\n\n\n<p>Lorsque vous arrivez, parce qu'il vous propose imm\u00e9diatement diff\u00e9rentes choses que vous pouvez faire sur place :<\/p>\n\n\n\n<ul class=\"wp-block-list\">\n<li>marcher le long de petits sentiers bien signal\u00e9s ;<\/li>\n\n\n\n<li>grimper jusqu'\u00e0 de petits points de vue ;<\/li>\n\n\n\n<li>laisser les enfants explorer les parcs, les maisons en bois et les parcours d'aventure ;<\/li>\n\n\n\n<li>se d\u00e9tendre dans une aire de pique-nique ou au bord de la piscine saisonni\u00e8re ;<\/li>\n\n\n\n<li>visiter le centre d'interpr\u00e9tation, qui explique la faune, la flore et l'histoire humaine de cette r\u00e9gion.<\/li>\n<\/ul>\n\n\n\n<p>C'est un point de d\u00e9part, car de l\u00e0 partent des sentiers vers l'int\u00e9rieur des montagnes, vers des brandas, des points de vue, des cours d'eau et des paysages plus sauvages. Pour de nombreux visiteurs, la premi\u00e8re visite se limite \u00e0 la Porta ; lors de la deuxi\u00e8me, ils veulent aller plus loin, suivre un sentier plus long, explorer un peu plus.<\/p>\n\n\n\n<div style=\"height:35px\" aria-hidden=\"true\" class=\"wp-block-spacer\"><\/div>\n\n\n\n<h4 class=\"wp-block-heading\">Une exp\u00e9rience con\u00e7ue pour \u00eatre simple<\/h4>\n\n\n\n<p>L'un des grands avantages de Porta do Mezio est qu'elle soulage la logistique de ceux qui veulent visiter la montagne sans complications.<\/p>\n\n\n\n<p>Pour ceux qui voyagent en famille, l'int\u00e9r\u00eat est \u00e9vident :<\/p>\n\n\n\n<ul class=\"wp-block-list\">\n<li>salles de bains,<\/li>\n\n\n\n<li>les zones d'ombre,<\/li>\n\n\n\n<li>des informations claires,<\/li>\n\n\n\n<li>des itin\u00e9raires adapt\u00e9s aux diff\u00e9rents \u00e2ges,<\/li>\n\n\n\n<li>des espaces o\u00f9 les enfants peuvent courir, grimper et jouer sans trop de risques.<\/li>\n<\/ul>\n\n\n\n<p>Pour ceux qui ne connaissent pas bien Ger\u00eas, c'est un \u201ccamp de base\u201d confortable : il y a des cartes, des panneaux explicatifs, des suggestions d'itin\u00e9raires et des avertissements de s\u00e9curit\u00e9. Au lieu de partir sur une route de montagne perdue, on part d'un endroit o\u00f9 il y a quelqu'un qui sait r\u00e9pondre \u00e0 la question : \u201cQu'est-ce que vous recommandez pour aujourd'hui ?\u201d<\/p>\n\n\n\n<p>Tout cela rend l'exp\u00e9rience moins intimidante. La montagne cesse d'\u00eatre une chose lointaine et devient quelque chose que l'on peut vivre lentement, raisonnablement et avec plaisir.<\/p>\n\n\n\n<div style=\"height:35px\" aria-hidden=\"true\" class=\"wp-block-spacer\"><\/div>\n\n\n\n<h4 class=\"wp-block-heading\">La nature \u00e0 nos portes<\/h4>\n\n\n\n<p>Bien que Porta do Mezio dispose d'infrastructures, on n'a jamais l'impression d'\u00eatre dans un parc urbain. Il suffit de s'\u00e9loigner de quelques dizaines de m\u00e8tres pour le ressentir :<\/p>\n\n\n\n<ul class=\"wp-block-list\">\n<li>l'odeur de la v\u00e9g\u00e9tation de montagne,<\/li>\n\n\n\n<li>le bruit des oiseaux,<\/li>\n\n\n\n<li>le vent passant \u00e0 travers les cimes des ch\u00eanes et des pins,<\/li>\n\n\n\n<li>le contraste entre la lumi\u00e8re des clairi\u00e8res et l'ombre fra\u00eeche des bois.<\/li>\n<\/ul>\n\n\n\n<p>Les sentiers les plus courts permettent d'appr\u00e9hender le paysage sans trop de d\u00e9nivel\u00e9s ni de difficult\u00e9s techniques. Il suffit de se rendre compte de la vari\u00e9t\u00e9 du territoire : rochers, garrigue, vieux arbres, lignes d'eau discr\u00e8tes, petites clairi\u00e8res avec vue.<\/p>\n\n\n\n<p>Pour ceux qui disposent de plus de temps et de pr\u00e9paration, il existe \u00e9galement des itin\u00e9raires plus exigeants qui montent \u00e0 des altitudes plus \u00e9lev\u00e9es et montrent les montagnes sous leur aspect le plus large et le plus calme.<\/p>\n\n\n\n<div style=\"height:35px\" aria-hidden=\"true\" class=\"wp-block-spacer\"><\/div>\n\n\n\n<h4 class=\"wp-block-heading\">Une journ\u00e9e enti\u00e8re ou une halte strat\u00e9gique<\/h4>\n\n\n\n<p>La porte Mezio s'adapte facilement \u00e0 diff\u00e9rents types de visites.<\/p>\n\n\n\n<ul class=\"wp-block-list\">\n<li><strong>Courte visite :<\/strong> id\u00e9al pour ceux qui sont de passage \u00e0 Arcos de Valdevez et qui veulent \u201csentir la montagne\u201d en deux ou trois heures. On monte, on visite la r\u00e9gion, on fait un petit sentier, on prend un caf\u00e9, on profite du point de vue et on revient.<\/li>\n\n\n\n<li><strong>Journ\u00e9e enti\u00e8re :<\/strong> parfait pour les familles ou les groupes qui souhaitent combiner promenade, pique-nique, jeux de plein air et plongeon dans la piscine (quand elle fonctionne). La journ\u00e9e s'\u00e9coule en un clin d'\u0153il, entre sentiers, pauses, conversations et d\u00e9couvertes.<\/li>\n\n\n\n<li><strong>Base \u00e0 explorer :<\/strong> Si vous restez quelques jours dans la r\u00e9gion, Porta do Mezio peut \u00eatre votre point de d\u00e9part pour diff\u00e9rentes excursions dans les montagnes, en planifiant chaque journ\u00e9e avec des informations fiables.<\/li>\n<\/ul>\n\n\n\n<p>Dans tous les cas, le grand avantage est le m\u00eame : vous repartez avec le sentiment d'avoir \u00e9t\u00e9 au c\u0153ur d'une zone de montagne, sans avoir besoin d'une exp\u00e9rience technique ou d'une grande planification pr\u00e9alable.<\/p>\n\n\n\n<div style=\"height:35px\" aria-hidden=\"true\" class=\"wp-block-spacer\"><\/div>\n\n\n\n<h4 class=\"wp-block-heading\">Pour ceux qui le sont et ceux qui ne le sont pas<\/h4>\n\n\n\n<p>Porta do Mezio est particuli\u00e8rement recommand\u00e9 pour :<\/p>\n\n\n\n<ul class=\"wp-block-list\">\n<li>les familles avec enfants,<\/li>\n\n\n\n<li>les personnes qui aiment la nature mais qui n'ont pas l'habitude de faire des randonn\u00e9es exigeantes,<\/li>\n\n\n\n<li>des groupes mixtes, o\u00f9 certains veulent marcher davantage et d'autres pr\u00e9f\u00e8rent rester \u00e0 proximit\u00e9,<\/li>\n\n\n\n<li>qui commencent \u00e0 d\u00e9couvrir Ger\u00eas et ont besoin d'un premier contact structur\u00e9.<\/li>\n<\/ul>\n\n\n\n<p>Elle peut \u00eatre moins int\u00e9ressante pour ceux qui recherchent des exp\u00e9riences totalement solitaires, sans aucune infrastructure. Dans ce cas, la porte sera toujours utile - comme point d'entr\u00e9e et source d'information - mais l'exp\u00e9rience recherch\u00e9e sera naturellement plus \u00e0 l'int\u00e9rieur, sur les chemins les moins fr\u00e9quent\u00e9s.<\/p>\n\n\n\n<div style=\"height:35px\" aria-hidden=\"true\" class=\"wp-block-spacer\"><\/div>\n\n\n\n<h4 class=\"wp-block-heading\">Un \u00e9quilibre d\u00e9licat<\/h4>\n\n\n\n<p>Comme tout espace naturel bien accessible, Porta do Mezio se trouve dans un \u00e9tat d'\u00e9quilibre permanent entre <strong>l'ouverture du territoire<\/strong> e <strong>la protection du territoire<\/strong>.<\/p>\n\n\n\n<p>Les visiteurs peuvent contribuer \u00e0 maintenir cet \u00e9quilibre par des gestes simples :<\/p>\n\n\n\n<ul class=\"wp-block-list\">\n<li>suivre les itin\u00e9raires balis\u00e9s,<\/li>\n\n\n\n<li>\u00e9viter d'allumer des feux en dehors des zones autoris\u00e9es,<\/li>\n\n\n\n<li>ne laissez pas de d\u00e9chets,<\/li>\n\n\n\n<li>respecter la faune et la flore,<\/li>\n\n\n\n<li>mod\u00e9rer le bruit.<\/li>\n<\/ul>\n\n\n\n<p>C'est un petit prix \u00e0 payer en \u00e9change du privil\u00e8ge d'avoir un acc\u00e8s facile \u00e0 l'un des espaces naturels les plus remarquables du Portugal.<\/p>","protected":false},"excerpt":{"rendered":"<p>Beaucoup disent que le parc national de Peneda-Ger\u00eas commence \u00e0 la porte de Mezio. Il ne s'agit pas d'une fronti\u00e8re officielle, bien s\u00fbr, mais d'un point o\u00f9 la montagne devient plus proche, plus organis\u00e9e et plus accessible. Pour les familles, les curieux et les amoureux de la nature, c'est la fa\u00e7on la plus simple d\u201c\u201douvrir la porte\" de la montagne. [...]<\/p>","protected":false},"author":1,"featured_media":2962,"comment_status":"open","ping_status":"open","sticky":false,"template":"","format":"standard","meta":{"footnotes":""},"categories":[12],"tags":[],"class_list":["post-2950","post","type-post","status-publish","format-standard","has-post-thumbnail","hentry","category-natureza"],"_links":{"self":[{"href":"https:\/\/valedovez.pt\/fr\/wp-json\/wp\/v2\/posts\/2950","targetHints":{"allow":["GET"]}}],"collection":[{"href":"https:\/\/valedovez.pt\/fr\/wp-json\/wp\/v2\/posts"}],"about":[{"href":"https:\/\/valedovez.pt\/fr\/wp-json\/wp\/v2\/types\/post"}],"author":[{"embeddable":true,"href":"https:\/\/valedovez.pt\/fr\/wp-json\/wp\/v2\/users\/1"}],"replies":[{"embeddable":true,"href":"https:\/\/valedovez.pt\/fr\/wp-json\/wp\/v2\/comments?post=2950"}],"version-history":[{"count":0,"href":"https:\/\/valedovez.pt\/fr\/wp-json\/wp\/v2\/posts\/2950\/revisions"}],"wp:featuredmedia":[{"embeddable":true,"href":"https:\/\/valedovez.pt\/fr\/wp-json\/wp\/v2\/media\/2962"}],"wp:attachment":[{"href":"https:\/\/valedovez.pt\/fr\/wp-json\/wp\/v2\/media?parent=2950"}],"wp:term":[{"taxonomy":"category","embeddable":true,"href":"https:\/\/valedovez.pt\/fr\/wp-json\/wp\/v2\/categories?post=2950"},{"taxonomy":"post_tag","embeddable":true,"href":"https:\/\/valedovez.pt\/fr\/wp-json\/wp\/v2\/tags?post=2950"}],"curies":[{"name":"wp","href":"https:\/\/api.w.org\/{rel}","templated":true}]}}