{"id":2945,"date":"2025-12-02T22:44:16","date_gmt":"2025-12-02T22:44:16","guid":{"rendered":"https:\/\/valedovez.pt\/?p=2945"},"modified":"2025-12-02T22:54:43","modified_gmt":"2025-12-02T22:54:43","slug":"greniers-et-village-de-soajo","status":"publish","type":"post","link":"https:\/\/valedovez.pt\/fr\/greniers-et-village-de-soajo\/","title":{"rendered":"Greniers et village de Soajo"},"content":{"rendered":"<p>Arriver \u00e0 Soajo, c'est entrer dans un village de montagne o\u00f9 tout semble avoir \u00e9t\u00e9 taill\u00e9 dans la m\u00eame pierre. La route monte, les virages vous rapprochent des montagnes et soudain les maisons concentr\u00e9es apparaissent, enlac\u00e9es par les collines. Au sommet, les silhouettes immanquables des greniers se d\u00e9tachent, align\u00e9es sur une immense dalle de granit. C'est l\u00e0, sur cette aire de battage communautaire, que Soajo se pr\u00e9sente au monde.<\/p>\n\n\n\n<div style=\"height:35px\" aria-hidden=\"true\" class=\"wp-block-spacer\"><\/div>\n\n\n\n<h4 class=\"wp-block-heading\">L'aire de battage o\u00f9 le ma\u00efs \u00e9tait conserv\u00e9 pr\u00e9cieusement<\/h4>\n\n\n\n<p>Les <strong>Greniers Soajo<\/strong> Ils sont au nombre de 24. Ils sont tous en granit, construits sur un affleurement rocheux, les uns \u00e0 c\u00f4t\u00e9 des autres, comme s'ils formaient un petit village dans le village. Pendant des si\u00e8cles, ils ont gard\u00e9 le ma\u00efs, le prot\u00e9geant de l'humidit\u00e9, des rats et d'autres parasites. Aujourd'hui, ils conservent surtout la m\u00e9moire d'un mode de vie communautaire.<\/p>\n\n\n\n<p>Chaque grenier a sa propre personnalit\u00e9 : dates grav\u00e9es, croix au sommet, petits d\u00e9tails qui r\u00e9v\u00e8lent le temps et la main de ceux qui les ont construits. Le plus ancien date du XVIIIe si\u00e8cle, mais tous sont encore l\u00e0, debout, d\u00e9fiant la pluie, le vent et les d\u00e9cennies.<\/p>\n\n\n\n<p>Lorsque l'on monte sur l'aire de battage, on comprend pourquoi elle a \u00e9t\u00e9 class\u00e9e comme <strong>Biens d'int\u00e9r\u00eat public<\/strong>. La vue s'ouvre sur la vall\u00e9e, le granit brille sous la lumi\u00e8re et l'on a la curieuse impression d'\u00eatre dans un lieu \u00e0 la fois sacr\u00e9 et quotidien. Sacr\u00e9 parce qu'on y stockait le pain pour toute l'ann\u00e9e ; quotidien parce que c'\u00e9tait un lieu de socialisation, de travail partag\u00e9 et de bavardage \u00e0 la fin de la journ\u00e9e.<\/p>\n\n\n\n<div style=\"height:35px\" aria-hidden=\"true\" class=\"wp-block-spacer\"><\/div>\n\n\n\n<h4 class=\"wp-block-heading\">Une ville qui s'est d\u00e9velopp\u00e9e autour de la pierre<\/h4>\n\n\n\n<p>Mais Soajo n'est pas qu'une affaire de greniers. Le village vit, respire et vous invite \u00e0 vous promener sans carte \u00e0 la main.<\/p>\n\n\n\n<p>Les rues sont \u00e9troites, souvent avec des trottoirs irr\u00e9guliers, bord\u00e9es de maisons en granit qui t\u00e9moignent du m\u00e9lange entre l'ancien et le restaur\u00e9. Sur la place, les <strong>pilori<\/strong> se dresse discr\u00e8tement, avec sa silhouette particuli\u00e8re, signe que Soajo \u00e9tait autrefois une municipalit\u00e9 et un centre de d\u00e9cision local.<\/p>\n\n\n\n<p>Il y a des balcons fleuris, des portes ouvertes, un caf\u00e9 o\u00f9 l'on parle de tout et de rien, un restaurant o\u00f9 l'odeur du cabrito et des roj\u00f5es se m\u00eale \u00e0 l'accent du Minho. Ce n'est pas un village-mus\u00e9e : c'est un endroit r\u00e9el, avec des gens qui travaillent, qui vont au magasin, qui conduisent le tracteur et qui, en m\u00eame temps, sont habitu\u00e9s \u00e0 voir arriver des visiteurs avec un appareil photo sur la poitrine.<\/p>\n\n\n\n<div style=\"height:35px\" aria-hidden=\"true\" class=\"wp-block-spacer\"><\/div>\n\n\n\n<h4 class=\"wp-block-heading\">Entre la vall\u00e9e et les montagnes<\/h4>\n\n\n\n<p>Une partie de la magie de Soajo provient \u00e9galement de son emplacement. Le village fait partie de la <strong>Parc national de Peneda-Ger\u00eas<\/strong>, C'est un endroit o\u00f9 les montagnes peuvent \u00eatre approch\u00e9es, tout en gardant un c\u00f4t\u00e9 sauvage.<\/p>\n\n\n\n<p>\u00c0 quelques minutes en voiture ou \u00e0 pied, vous trouverez des cascades, des lagunes et des sentiers qui raviront les amateurs d'eau douce et de chemins de montagne : Po\u00e7o Negro, Po\u00e7o Bento, Lagoas de Travanca, entre autres.<\/p>\n\n\n\n<p>La visite des greniers est donc souvent le point de d\u00e9part ou d'arriv\u00e9e d'une journ\u00e9e enti\u00e8re :<\/p>\n\n\n\n<ul class=\"wp-block-list\">\n<li>matin\u00e9e pass\u00e9e sur un sentier ou dans un \u00e9tang,<\/li>\n\n\n\n<li>long d\u00e9jeuner au village,<\/li>\n\n\n\n<li>apr\u00e8s-midi \u00e0 grimper sur l'aire de battage et \u00e0 se promener dans les rues.<\/li>\n<\/ul>\n\n\n\n<div style=\"height:35px\" aria-hidden=\"true\" class=\"wp-block-spacer\"><\/div>\n\n\n\n<h4 class=\"wp-block-heading\">Un cadre parfait tout en restant authentique<\/h4>\n\n\n\n<p>D'un point de vue visuel, les greniers sont irr\u00e9sistibles. En fin d'apr\u00e8s-midi, lorsque le soleil se couche et que la lumi\u00e8re se r\u00e9chauffe, la pierre prend des couleurs dor\u00e9es et la vall\u00e9e en contrebas semble plus sereine. C'est le moment id\u00e9al pour prendre des photos, mais aussi pour faire une chose qui devient rare : rester debout et regarder.<\/p>\n\n\n\n<p>En m\u00eame temps, il est important de comprendre que ce \u201ccadre parfait\u201d n'a pas \u00e9t\u00e9 construit pour les touristes. Il r\u00e9pond \u00e0 des besoins tr\u00e8s concrets : prot\u00e9ger les r\u00e9coltes, organiser le travail, partager les ressources. L'aire de battage est un symbole de <strong>culture d'entraide<\/strong> qui d\u00e9finit le caract\u00e8re de cette communaut\u00e9.<\/p>\n\n\n\n<p>Cette authenticit\u00e9 est perceptible dans les moindres d\u00e9tails : un vieil homme qui explique comment on battait le ma\u00efs, une famille qui utilise encore l'un des greniers, le naturel avec lequel les habitants interagissent avec les \u00e9trangers.<\/p>\n\n\n\n<div style=\"height:35px\" aria-hidden=\"true\" class=\"wp-block-spacer\"><\/div>\n\n\n\n<h4 class=\"wp-block-heading\">Comment vivre \u00e0 Soajo avec le temps<\/h4>\n\n\n\n<p>La meilleure fa\u00e7on d'apprendre \u00e0 conna\u00eetre Soajo est de ne pas la consid\u00e9rer comme un \u201carr\u00eat photo rapide\u201d. Il vaut la peine de consacrer au moins une demi-journ\u00e9e - id\u00e9alement une journ\u00e9e enti\u00e8re - pour s'impr\u00e9gner de l'atmosph\u00e8re.<\/p>\n\n\n\n<p>Un rythme possible :<\/p>\n\n\n\n<ul class=\"wp-block-list\">\n<li>commencer par l'aire de battage du grenier, t\u00f4t le matin ou tard le soir, lorsqu'il y a moins de circulation ;<\/li>\n\n\n\n<li>descendre au centre, explorer la place, le pilori, l'\u00e9glise, les ruelles ;<\/li>\n\n\n\n<li>s'asseoir sur une terrasse, siroter un verre de vinho verde et \u00e9couter les conversations autour de soi ;<\/li>\n\n\n\n<li>terminer par une petite promenade jusqu'\u00e0 un point d'eau voisin ou, au contraire, commencer par la nature et garder les greniers pour la partie la plus calme de la journ\u00e9e.<\/li>\n<\/ul>\n\n\n\n<p>Ceux qui d\u00e9cident de rester \u00e0 Soajo gagnent une autre dimension : le silence de la nuit, le ciel \u00e9toil\u00e9, le privil\u00e8ge de voir l'aire de battage presque vide au lever du soleil.<\/p>\n\n\n\n<div style=\"height:35px\" aria-hidden=\"true\" class=\"wp-block-spacer\"><\/div>\n\n\n\n<h4 class=\"wp-block-heading\">Respecter un patrimoine qui appartient \u00e0 tous, mais surtout \u00e0 eux<\/h4>\n\n\n\n<p>Comme pour d'autres lieux tr\u00e8s photog\u00e9niques, le plus grand d\u00e9fi \u00e0 Soajo est d'\u00e9quilibrer la curiosit\u00e9 des visiteurs et la tranquillit\u00e9 des habitants. La pr\u00e9servation de ce patrimoine d\u00e9pend aussi du comportement des visiteurs.<\/p>\n\n\n\n<p>Il s'agit de choses simples :<\/p>\n\n\n\n<ul class=\"wp-block-list\">\n<li>n'escaladez pas les greniers,<\/li>\n\n\n\n<li>ne pas p\u00e9n\u00e9trer dans les zones priv\u00e9es,<\/li>\n\n\n\n<li>ne laissez pas de d\u00e9chets,<\/li>\n\n\n\n<li>mod\u00e9rer le bruit,<\/li>\n\n\n\n<li>demander avant de photographier des personnes.<\/li>\n<\/ul>\n\n\n\n<p>C'est un \u00e9change \u00e9quitable : en \u00e9change du respect, Soajo offre l'un des ensembles ruraux les plus remarquables du pays, un village qui montre naturellement comment la vie communautaire a fa\u00e7onn\u00e9 le paysage.<\/p>","protected":false},"excerpt":{"rendered":"<p>Arriver \u00e0 Soajo, c'est entrer dans un village de montagne o\u00f9 tout semble avoir \u00e9t\u00e9 taill\u00e9 dans la m\u00eame pierre. La route monte, les virages vous rapprochent des montagnes et soudain les maisons concentr\u00e9es apparaissent, enlac\u00e9es par les collines. Au sommet, les silhouettes immanquables des greniers se d\u00e9tachent, align\u00e9es sur une immense dalle de granit. C'est l\u00e0, dans ce [...]<\/p>","protected":false},"author":1,"featured_media":2948,"comment_status":"open","ping_status":"open","sticky":false,"template":"","format":"standard","meta":{"footnotes":""},"categories":[12],"tags":[],"class_list":["post-2945","post","type-post","status-publish","format-standard","has-post-thumbnail","hentry","category-natureza"],"_links":{"self":[{"href":"https:\/\/valedovez.pt\/fr\/wp-json\/wp\/v2\/posts\/2945","targetHints":{"allow":["GET"]}}],"collection":[{"href":"https:\/\/valedovez.pt\/fr\/wp-json\/wp\/v2\/posts"}],"about":[{"href":"https:\/\/valedovez.pt\/fr\/wp-json\/wp\/v2\/types\/post"}],"author":[{"embeddable":true,"href":"https:\/\/valedovez.pt\/fr\/wp-json\/wp\/v2\/users\/1"}],"replies":[{"embeddable":true,"href":"https:\/\/valedovez.pt\/fr\/wp-json\/wp\/v2\/comments?post=2945"}],"version-history":[{"count":0,"href":"https:\/\/valedovez.pt\/fr\/wp-json\/wp\/v2\/posts\/2945\/revisions"}],"wp:featuredmedia":[{"embeddable":true,"href":"https:\/\/valedovez.pt\/fr\/wp-json\/wp\/v2\/media\/2948"}],"wp:attachment":[{"href":"https:\/\/valedovez.pt\/fr\/wp-json\/wp\/v2\/media?parent=2945"}],"wp:term":[{"taxonomy":"category","embeddable":true,"href":"https:\/\/valedovez.pt\/fr\/wp-json\/wp\/v2\/categories?post=2945"},{"taxonomy":"post_tag","embeddable":true,"href":"https:\/\/valedovez.pt\/fr\/wp-json\/wp\/v2\/tags?post=2945"}],"curies":[{"name":"wp","href":"https:\/\/api.w.org\/{rel}","templated":true}]}}