{"id":2941,"date":"2025-12-02T22:42:28","date_gmt":"2025-12-02T22:42:28","guid":{"rendered":"https:\/\/valedovez.pt\/?p=2941"},"modified":"2025-12-05T17:35:40","modified_gmt":"2025-12-05T17:35:40","slug":"le-paysage-culturel-de-sistelo","status":"publish","type":"post","link":"https:\/\/valedovez.pt\/fr\/le-paysage-culturel-de-sistelo\/","title":{"rendered":"Village de Sistelo - Le \"Tibet\" portugais"},"content":{"rendered":"<p>Sistelo est le laur\u00e9at national des \u201c7 merveilles du Portugal\u201d, dans la cat\u00e9gorie des villages ruraux, ce qui constitue un nouvel honneur pour son originalit\u00e9 et son charme.<br><br>En arrivant \u00e0 Sistelo, on a l'impression que la route nous a conduits dans un lieu qui a toujours exist\u00e9, mais qui est rest\u00e9 discr\u00e8tement cach\u00e9 pendant des ann\u00e9es. \u00c0 un certain moment, la vall\u00e9e s'ouvre, le village appara\u00eet encastr\u00e9 dans la colline et les terrasses dessinent le paysage en pas parfaits. C'est l\u00e0 que l'exp\u00e9rience commence vraiment.<\/p>\n\n\n\n<p>Sistelo n'est pas seulement un joli village. C'est un <strong>paysage culturel vivant<\/strong>, Les champs en terrasses ont \u00e9t\u00e9 fa\u00e7onn\u00e9s au fil des si\u00e8cles par la fa\u00e7on dont les gens ont travaill\u00e9 la terre, \u00e9lev\u00e9 le b\u00e9tail et organis\u00e9 leur vie en tant que communaut\u00e9. Les champs en terrasses, construits pierre par pierre, sont la r\u00e9ponse intelligente de g\u00e9n\u00e9rations d'agriculteurs \u00e0 un terrain difficile. Aujourd'hui, ils constituent \u00e9galement le cadre de l'un des endroits les plus uniques du Portugal.<\/p>\n\n\n\n<div style=\"height:35px\" aria-hidden=\"true\" class=\"wp-block-spacer\"><\/div>\n\n\n\n<h4 class=\"wp-block-heading\">Un village en pierre surplombant les terrasses<\/h4>\n\n\n\n<p>Le centre du village est simple, compact et authentique. Les maisons de granit, certaines restaur\u00e9es, d'autres ayant encore l'air habit\u00e9 de ceux qui n'ont jamais eu besoin d'\u00eatre \u201cbeaux sur une photo\u201d, bordent les rues \u00e9troites. Les greniers \u00e0 bl\u00e9 se dressent sur des piliers de pierre, tels de petits gardiens du ma\u00efs et de la m\u00e9moire.<\/p>\n\n\n\n<p>Ici, on ne se bouscule pas. On voit des habitants \u00e0 la porte, un chien qui traverse la rue, la cloche de l'\u00e9glise qui sonne \u00e0 des rythmes qui ne sont plus ceux de la ville. Le visiteur n'est pas trait\u00e9 comme un \u201ctouriste\u201d, mais comme quelqu'un qui est arriv\u00e9 chez quelqu'un d'autre et qui est invit\u00e9 \u00e0 se promener, \u00e0 condition de le faire avec respect.<\/p>\n\n\n\n<p>En arri\u00e8re-plan, presque partout dans le village, le regard est attir\u00e9 par les terrasses. Impossible de les ignorer : elles constituent le grand amphith\u00e9\u00e2tre vert qui entoure Sistelo et lui vaut le surnom de \u201cpetit Tibet portugais\u201d.<\/p>\n\n\n\n<div style=\"height:35px\" aria-hidden=\"true\" class=\"wp-block-spacer\"><\/div>\n\n\n\n<h4 class=\"wp-block-heading\">Les terrasses : une \u0153uvre humaine qui ressemble \u00e0 un paysage naturel<\/h4>\n\n\n\n<p>Au premier abord, l'observateur peut penser que cette g\u00e9om\u00e9trie parfaite est l'\u0153uvre de la nature. Mais il suffit de s'approcher pour se rendre compte de l'ampleur du travail humain qui s'y cache : murs de pierre retenant la terre, petits chemins entre les champs, r\u00e9servoirs, canaux d'eau, tout est organis\u00e9 pour tirer le meilleur parti de chaque m\u00e8tre carr\u00e9.<\/p>\n\n\n\n<p>Parcourir l'un des sentiers qui serpentent entre les terrasses, c'est comme p\u00e9n\u00e9trer dans le paysage. D'en haut, on voit le village en contrebas, les courbes de la rivi\u00e8re Vez, les nuages qui fr\u00f4lent les sommets. D'en bas, on ressent la grandeur de la colline travaill\u00e9e, l'ombre des arbres, le bruit de l'eau qui coule.<\/p>\n\n\n\n<p>Ce n'est pas un paysage de carte postale, fait pour \u00eatre photographi\u00e9. C'est un endroit o\u00f9 les gens labourent encore, o\u00f9 un fermier passe encore avec son b\u00e9tail, o\u00f9 l'on entend au loin le moteur d'un tracteur. Et c'est pr\u00e9cis\u00e9ment ce m\u00e9lange de beaut\u00e9 du paysage et de vie r\u00e9elle qui rend Sistelo si sp\u00e9cial.<\/p>\n\n\n\n<div style=\"height:35px\" aria-hidden=\"true\" class=\"wp-block-spacer\"><\/div>\n\n\n\n<h4 class=\"wp-block-heading\">La marche est le meilleur moyen d'apprendre \u00e0 conna\u00eetre<\/h4>\n\n\n\n<p>Bien que le village lui-m\u00eame m\u00e9rite que l'on s'y attarde, c'est sur les sentiers que Sistelo se r\u00e9v\u00e8le dans toute sa splendeur. Il existe plusieurs itin\u00e9raires bien balis\u00e9s, de difficult\u00e9 et de dur\u00e9e variables, qui permettent d'adapter l'exp\u00e9rience \u00e0 chacun.<\/p>\n\n\n\n<p>Il y a des sentiers qui montent \u00e0 travers les terrasses, d'autres qui suivent la rivi\u00e8re, d'autres encore qui relient le village aux hauts plateaux o\u00f9 le b\u00e9tail passait les mois d'\u00e9t\u00e9. Tous ont en commun le silence, le sens de la d\u00e9couverte et l'envie de s'arr\u00eater \u201cune minute de plus\u201d pour regarder autour de soi.<\/p>\n\n\n\n<p>Ceux qui n'ont pas l'habitude de marcher peuvent choisir des itin\u00e9raires plus courts avec des d\u00e9nivel\u00e9s mod\u00e9r\u00e9s et se faire une id\u00e9e tr\u00e8s pr\u00e9cise de la magie de l'endroit. Ceux qui aiment marcher plus longtemps trouveront \u00e0 Sistelo un point de d\u00e9part pour des promenades de plusieurs heures, avec des vues \u00e9tendues sur la vall\u00e9e et les montagnes.<\/p>\n\n\n\n<div style=\"height:35px\" aria-hidden=\"true\" class=\"wp-block-spacer\"><\/div>\n\n\n\n<h4 class=\"wp-block-heading\">Les saisons vues de Sistelo<\/h4>\n\n\n\n<p>L'un des grands atouts du paysage culturel de Sistelo est qu'il \u00e9volue de mani\u00e8re tr\u00e8s visible tout au long de l'ann\u00e9e.<\/p>\n\n\n\n<p>Au printemps, le vert est intense, l'eau coule fort et les champs s'animent. En \u00e9t\u00e9, la lumi\u00e8re est plus dure, le son des cigales se m\u00eale \u00e0 celui de la rivi\u00e8re en contrebas et les apr\u00e8s-midi semblent plus longs. En automne, les tons chauds dominent : dor\u00e9s, bruns, ocres - les terrasses prennent une texture particuli\u00e8re, presque en patchwork. En hiver, le village se retire, la brume visite plus souvent la vall\u00e9e et il y a des jours o\u00f9 la m\u00e9lancolie a son charme.<\/p>\n\n\n\n<p>Pour les visiteurs, cela signifie <strong>il n'y a pas de \u201cbon moment\u201d unique\u201d<\/strong>. Il existe diff\u00e9rentes exp\u00e9riences. Un week-end d'\u00e9t\u00e9 peut comprendre une baignade dans la Vez, un long d\u00e9jeuner sur une terrasse et une promenade en fin d'apr\u00e8s-midi. Une visite en automne n\u00e9cessite plus de manteaux, plus de caf\u00e9 chaud et peut-\u00eatre un sentier plus court, mais offre des couleurs qu'il est difficile d'oublier.<\/p>\n\n\n\n<div style=\"height:35px\" aria-hidden=\"true\" class=\"wp-block-spacer\"><\/div>\n\n\n\n<h4 class=\"wp-block-heading\">Vivre Sistelo avec le temps<\/h4>\n\n\n\n<p>La meilleure fa\u00e7on d'appr\u00e9cier Sistelo est d'y passer au moins une nuit. Dormir au village permet d'observer l'aube dessiner des ombres sur les terrasses, d'\u00e9couter le silence de la nuit et de ressentir le rythme tranquille de la vie locale.<\/p>\n\n\n\n<p>L'exp\u00e9rience change lorsque vous cessez de \u201cvenir voir Sistelo\u201d et que vous commencez \u00e0 \u201c\u00eatre \u00e0 Sistelo\u201d. Soudain, la promenade cesse d'\u00eatre une course entre les points de vue et devient une simple journ\u00e9e : un petit d\u00e9jeuner tranquille, une promenade matinale, une halte pour un casse-cro\u00fbte, une fin d'apr\u00e8s-midi assise \u00e0 contempler la vall\u00e9e.<\/p>\n\n\n\n<p>Ce n'est pas une destination pour ceux qui aiment les grands spectacles, le shopping ou la vie nocturne. Elle s'adresse plut\u00f4t \u00e0 ceux qui recherchent la nature, l'authenticit\u00e9 et le sentiment que, pendant quelques heures, le monde s'est un peu ralenti.<\/p>\n\n\n\n<div style=\"height:35px\" aria-hidden=\"true\" class=\"wp-block-spacer\"><\/div>\n\n\n\n<h4 class=\"wp-block-heading\">Un h\u00e9ritage qui est aussi une responsabilit\u00e9<\/h4>\n\n\n\n<p>Sistelo a gagn\u00e9 en notori\u00e9t\u00e9, en prix et en visibilit\u00e9 dans les m\u00e9dias. Cela a apport\u00e9 des avantages \u00e9vidents au village et \u00e0 la municipalit\u00e9, mais aussi une responsabilit\u00e9 : celle de prot\u00e9ger ce qui rend cet endroit diff\u00e9rent.<\/p>\n\n\n\n<p>Pour les visiteurs, cela se traduit par des gestes tr\u00e8s simples : respecter les chemins, ne pas p\u00e9n\u00e9trer dans les champs cultiv\u00e9s, ne pas laisser de d\u00e9chets, \u00eatre discret sur le bruit, se rendre compte qu'il y a des gens qui vivent et travaillent l\u00e0.<\/p>\n\n\n\n<p>Cette attitude fait partie de l'exp\u00e9rience. Sistelo n'est pas un d\u00e9cor, c'est un territoire vivant qui nous accueille comme des invit\u00e9s.<\/p>","protected":false},"excerpt":{"rendered":"<p>Sistelo est le laur\u00e9at national des \u201c7 merveilles du Portugal\u201d, dans la cat\u00e9gorie des villages ruraux, une distinction de plus pour son originalit\u00e9 et son charme. En arrivant \u00e0 Sistelo, on a l'impression que la route nous m\u00e8ne \u00e0 un endroit qui a toujours exist\u00e9, mais qui est rest\u00e9 discr\u00e8tement cach\u00e9 pendant des ann\u00e9es. \u00c0 un certain moment, la vall\u00e9e s'ouvre, [...]<\/p>","protected":false},"author":1,"featured_media":2942,"comment_status":"open","ping_status":"open","sticky":false,"template":"","format":"standard","meta":{"footnotes":""},"categories":[12],"tags":[],"class_list":["post-2941","post","type-post","status-publish","format-standard","has-post-thumbnail","hentry","category-natureza"],"_links":{"self":[{"href":"https:\/\/valedovez.pt\/fr\/wp-json\/wp\/v2\/posts\/2941","targetHints":{"allow":["GET"]}}],"collection":[{"href":"https:\/\/valedovez.pt\/fr\/wp-json\/wp\/v2\/posts"}],"about":[{"href":"https:\/\/valedovez.pt\/fr\/wp-json\/wp\/v2\/types\/post"}],"author":[{"embeddable":true,"href":"https:\/\/valedovez.pt\/fr\/wp-json\/wp\/v2\/users\/1"}],"replies":[{"embeddable":true,"href":"https:\/\/valedovez.pt\/fr\/wp-json\/wp\/v2\/comments?post=2941"}],"version-history":[{"count":0,"href":"https:\/\/valedovez.pt\/fr\/wp-json\/wp\/v2\/posts\/2941\/revisions"}],"wp:featuredmedia":[{"embeddable":true,"href":"https:\/\/valedovez.pt\/fr\/wp-json\/wp\/v2\/media\/2942"}],"wp:attachment":[{"href":"https:\/\/valedovez.pt\/fr\/wp-json\/wp\/v2\/media?parent=2941"}],"wp:term":[{"taxonomy":"category","embeddable":true,"href":"https:\/\/valedovez.pt\/fr\/wp-json\/wp\/v2\/categories?post=2941"},{"taxonomy":"post_tag","embeddable":true,"href":"https:\/\/valedovez.pt\/fr\/wp-json\/wp\/v2\/tags?post=2941"}],"curies":[{"name":"wp","href":"https:\/\/api.w.org\/{rel}","templated":true}]}}