{"id":2956,"date":"2025-12-02T22:51:56","date_gmt":"2025-12-02T22:51:56","guid":{"rendered":"https:\/\/valedovez.pt\/?p=2956"},"modified":"2025-12-05T17:46:04","modified_gmt":"2025-12-05T17:46:04","slug":"rio-vez-y-la-ciudad-de-arcos-de-valdevez","status":"publish","type":"post","link":"https:\/\/valedovez.pt\/es\/rio-vez-y-la-ciudad-de-arcos-de-valdevez\/","title":{"rendered":"R\u00edo Vez y ciudad de Arcos de Valdevez"},"content":{"rendered":"<p>Quien llega a Arcos de Valdevez se da cuenta enseguida de que el r\u00edo es el protagonista. El Vez atraviesa tranquilamente el pueblo, refleja las casas y los \u00e1rboles, sostiene el puente hist\u00f3rico y da vida a los jardines ribere\u00f1os. A su alrededor se organizan paseos, recuerdos, fotograf\u00edas, inmersiones veraniegas e historias antiguas, incluida una que ayud\u00f3 a definir el destino de Portugal.<\/p>\n\n\n\n<p>Es uno de esos lugares en los que se tiene la sensaci\u00f3n de que el paisaje y la ciudad han crecido juntos. Para los turistas y los que viven all\u00ed, el <strong>\u201cproducto\u201d R\u00edo Vez + Arcos de Valdevez<\/strong> es, ante todo, una forma de vivir bien al aire libre.<\/p>\n\n\n\n<div style=\"height:35px\" aria-hidden=\"true\" class=\"wp-block-spacer\"><\/div>\n\n\n\n<h4 class=\"wp-block-heading\">El primer contacto: el puente y el espejo de agua<\/h4>\n\n\n\n<p>La imagen m\u00e1s conocida de Arcos de Valdevez es probablemente la del <strong>Puente Viejo<\/strong> cruzando el r\u00edo Vez, con las casas al fondo y el reflejo perfecto en el agua en los d\u00edas de calma.<\/p>\n\n\n\n<p>Llegar all\u00ed por la noche es una peque\u00f1a lecci\u00f3n de sencillez:<\/p>\n\n\n\n<ul class=\"wp-block-list\">\n<li>familias paseando por el jard\u00edn;<\/li>\n\n\n\n<li>ni\u00f1os en bicicleta;<\/li>\n\n\n\n<li>ancianos charlando en los bancos;<\/li>\n\n\n\n<li>visitantes que se detienen, respiran, miran y, por supuesto, hacen una foto.<\/li>\n<\/ul>\n\n\n\n<p>No es un paisaje \u201cmontado\u201d para los turistas. Es el d\u00eda a d\u00eda normal de una ciudad que ha aprendido a utilizar bien su r\u00edo: con zonas ajardinadas, senderos peatonales, \u00e1reas de descanso y esa sensaci\u00f3n de estar en el centro, pero sin agobios.<\/p>\n\n\n\n<div style=\"height:35px\" aria-hidden=\"true\" class=\"wp-block-spacer\"><\/div>\n\n\n\n<h4 class=\"wp-block-heading\">Ecovia do Vez y pasarelas: siempre caminando junto al agua<\/h4>\n\n\n\n<p>Desde la ciudad, el r\u00edo no es s\u00f3lo paisaje: es un camino. A <strong>Ecovia do Vez<\/strong> Kil\u00f3metro tras kil\u00f3metro, se puede seguir el curso del agua, a veces por senderos m\u00e1s naturales, a veces por pasarelas y tramos ajardinados.<\/p>\n\n\n\n<p>A lo largo del recorrido se repiten elementos que marcan la identidad del valle:<\/p>\n\n\n\n<ul class=\"wp-block-list\">\n<li>peque\u00f1os puentes;<\/li>\n\n\n\n<li>viejos molinos;<\/li>\n\n\n\n<li>zonas arenosas y rocosas donde le apetezca detenerse;<\/li>\n\n\n\n<li>sombras de alisos y sauces;<\/li>\n\n\n\n<li>puntos de observaci\u00f3n de aves y vegetaci\u00f3n de ribera.<\/li>\n<\/ul>\n\n\n\n<p>Es una experiencia muy vers\u00e1til:<\/p>\n\n\n\n<ul class=\"wp-block-list\">\n<li>Si s\u00f3lo quiere un paseo corto, puede caminar media hora en cada direcci\u00f3n, sin grandes subidas;<\/li>\n\n\n\n<li>los que prefieran caminar durante m\u00e1s tiempo tienen varios kil\u00f3metros a su disposici\u00f3n;<\/li>\n\n\n\n<li>Quienes corran o monten en bicicleta encontrar\u00e1n aqu\u00ed un \u201cgimnasio natural\u201d con vistas permanentes al r\u00edo.<\/li>\n<\/ul>\n\n\n\n<p>En verano, la ecov\u00eda adquiere otra dimensi\u00f3n: es la puerta de entrada a <strong>playas fluviales y lagunas<\/strong> donde podr\u00e1 darse un chapuz\u00f3n, extender la toalla y pasar la tarde.<\/p>\n\n\n\n<div style=\"height:35px\" aria-hidden=\"true\" class=\"wp-block-spacer\"><\/div>\n\n\n\n<h4 class=\"wp-block-heading\">Pa\u00e7o de Giela: la ciudad desde arriba y la historia a la vista<\/h4>\n\n\n\n<p>Un poco alejado del centro, pero muy cerca, se encuentra el <strong>Pa\u00e7o de Giela<\/strong>, La antigua casa solariega fortificada domina el valle del Vez. Vista de lejos, impone respeto; vista de cerca, sorprende por su cuidada restauraci\u00f3n y el di\u00e1logo entre la piedra antigua y la intervenci\u00f3n contempor\u00e1nea.<\/p>\n\n\n\n<p>En su interior, los visitantes encontrar\u00e1n<\/p>\n\n\n\n<ul class=\"wp-block-list\">\n<li>una torre que invita a subir para ver el valle del Vez y la ciudad en perspectiva;<\/li>\n\n\n\n<li>un espacio expositivo que ayuda a comprender la importancia de esta casa solariega a lo largo de los siglos;<\/li>\n\n\n\n<li>contenidos interpretativos sobre la regi\u00f3n, el r\u00edo y los famosos <strong>Recontro de Valdevez<\/strong>.<\/li>\n<\/ul>\n\n\n\n<p>La visita al Pa\u00e7o se complementa muy bien con un paseo a lo largo del r\u00edo. Primero experimentas la Vez a nivel del agua; luego la ves desde arriba, comprendiendo c\u00f3mo se organiz\u00f3 la ciudad en torno al r\u00edo y sus f\u00e9rtiles riberas.<\/p>\n\n\n\n<div style=\"height:35px\" aria-hidden=\"true\" class=\"wp-block-spacer\"><\/div>\n\n\n\n<h4 class=\"wp-block-heading\">El reconocimiento de Valdevez: cuando la historia pas\u00f3 por el valle<\/h4>\n\n\n\n<p>Uno de los puntos m\u00e1s interesantes de la experiencia en Arcos es el descubrimiento de que este tranquilo valle fue en su d\u00eda escenario de un momento decisivo en la formaci\u00f3n de Portugal: el <strong>Recontro de Valdevez<\/strong>.<\/p>\n\n\n\n<p>Sin entrar en demasiados detalles, la idea es sencilla y poderosa para contar historias:<\/p>\n\n\n\n<ul class=\"wp-block-list\">\n<li>A mediados del siglo XII, las fuerzas de los reyes Afonso Henriques y Afonso VII de Le\u00f3n y Castilla se enfrentaron en este valle;<\/li>\n\n\n\n<li>en lugar de una sangrienta batalla campal, tiene lugar una especie de \u201ctorneo\u201d o enfrentamiento controlado entre caballeros;<\/li>\n\n\n\n<li>el resultado contribuy\u00f3 a reforzar la posici\u00f3n de Afonso Henriques y, m\u00e1s tarde, al reconocimiento de la independencia de Portugal.<\/li>\n<\/ul>\n\n\n\n<p>Hoy, esa historia est\u00e1 presente:<\/p>\n\n\n\n<ul class=\"wp-block-list\">\n<li>en <strong>monumento ecuestre<\/strong> junto al r\u00edo, que representa a los caballeros en combate simb\u00f3lico;<\/li>\n\n\n\n<li>en paneles y materiales interpretativos;<\/li>\n\n\n\n<li>en el <strong>recreaci\u00f3n hist\u00f3rica<\/strong> que, en determinadas \u00e9pocas del a\u00f1o, anima el valle con figurantes, armas de \u00e9poca, un mercado medieval y recreaciones.<\/li>\n<\/ul>\n\n\n\n<p>Para quienes lo visitan, es una rara oportunidad de estar en un lugar donde la narrativa nacional no es abstracta: ocurri\u00f3 all\u00ed, en ese campo, junto a ese r\u00edo que ahora fluye pac\u00edficamente.<\/p>\n\n\n\n<div style=\"height:35px\" aria-hidden=\"true\" class=\"wp-block-spacer\"><\/div>\n\n\n\n<h4 class=\"wp-block-heading\">El pueblo: la vida local a escala humana<\/h4>\n\n\n\n<p>Adem\u00e1s de los iconos -puente, r\u00edo, Pa\u00e7o, monumento-, la ciudad de Arcos de Valdevez posee un discreto encanto que podr\u00e1 descubrir a pie.<\/p>\n\n\n\n<p>El centro ofrece:<\/p>\n\n\n\n<ul class=\"wp-block-list\">\n<li>calles con tiendas tradicionales mezcladas con modernos caf\u00e9s y pasteler\u00edas;<\/li>\n\n\n\n<li>terrazas donde disfrutar de un caf\u00e9, un trozo de tarta o un tentempi\u00e9 con vistas al movimiento;<\/li>\n\n\n\n<li>plazas y plazoletas que funcionan como salones al aire libre;<\/li>\n\n\n\n<li>peque\u00f1as iglesias y edificios hist\u00f3ricos que surgen a la vuelta de la esquina.<\/li>\n<\/ul>\n\n\n\n<p>Es un marco estupendo para una tarde despu\u00e9s de un d\u00eda m\u00e1s activo paseando por la Vez o explorando el municipio. La escala es humana: todo se hace bien a pie, sin prisas, con tiempo para fijarse en los detalles.<\/p>\n\n\n\n<div style=\"height:35px\" aria-hidden=\"true\" class=\"wp-block-spacer\"><\/div>\n\n\n\n<h4 class=\"wp-block-heading\">Vivir el r\u00edo Vez y Arcos a diferentes ritmos<\/h4>\n\n\n\n<p>Este \u201cproducto\u201d puede experimentarse de varias maneras, dependiendo de qui\u00e9n sea usted y de cu\u00e1nto tiempo disponga:<\/p>\n\n\n\n<ul class=\"wp-block-list\">\n<li><strong>Familias<\/strong> - Pueden elegir un tramo f\u00e1cil de la ecov\u00eda, detenerse en una zona de arena, jugar junto al r\u00edo, hacer un picnic en los jardines y terminar con un helado en el pueblo.<\/li>\n\n\n\n<li><strong>Parejas<\/strong> - un paseo por la Vez al final del d\u00eda, una subida al Pa\u00e7o de Giela para ver la puesta de sol, una cena tranquila en el centro.<\/li>\n\n\n\n<li><strong>Deportistas<\/strong> - correr por la ma\u00f1ana o por la tarde en la ecov\u00eda, entrenar en bicicleta por la carretera del valle, un chapuz\u00f3n r\u00e1pido en el r\u00edo como recompensa.<\/li>\n\n\n\n<li><strong>Curiosidad por la historia<\/strong> - paseo ligero junto al r\u00edo, visita guiada al Pa\u00e7o de Giela, parada en el monumento al Recontro, lectura de los paneles explicativos.<\/li>\n<\/ul>\n\n\n\n<p>En cualquier caso, la sensaci\u00f3n final suele ser similar: la de haber pasado un d\u00eda <strong>bien lleno, pero sin estr\u00e9s<\/strong>, en un entorno donde la naturaleza, la historia y la vida local conviven de forma muy natural.<\/p>\n\n\n\n<div style=\"height:35px\" aria-hidden=\"true\" class=\"wp-block-spacer\"><\/div>\n\n\n\n<h4 class=\"wp-block-heading\">Un patrimonio que se siente, no se \u201cconsume\u201d<\/h4>\n\n\n\n<p>Todo el <strong>R\u00edo Vez + ciudad de Arcos de Valdevez<\/strong> No es una atracci\u00f3n aislada, de esas que \u201cvas, la ves y la tachas de tu lista\u201d. Es m\u00e1s bien un entorno, una forma de ser.<\/p>\n\n\n\n<p>Para sacarle el m\u00e1ximo partido:<\/p>\n\n\n\n<ul class=\"wp-block-list\">\n<li>Merece la pena reservar al menos un d\u00eda entero, idealmente con tiempo para pasear, parar, subir al Pa\u00e7o y volver al r\u00edo;<\/li>\n\n\n\n<li>es importante aceptar el ritmo local: m\u00e1s lento que el de una ciudad, m\u00e1s atento a los detalles;<\/li>\n\n\n\n<li>marca la diferencia mirar el r\u00edo no s\u00f3lo como un escenario, sino como un elemento que ha estructurado el territorio: la agricultura, los puentes, los asentamientos, incluso las decisiones pol\u00edticas.<\/li>\n<\/ul>\n\n\n\n<p>Al final, lo que queda no es s\u00f3lo el recuerdo del viejo puente o de un refrescante chapuz\u00f3n. Lo que queda es la idea de un valle bien aprovechado, de una ciudad que ha sabido situar el r\u00edo en el centro de su identidad y de un lugar donde es f\u00e1cil sentirse bien.<\/p>","protected":false},"excerpt":{"rendered":"<p>Quien llega a Arcos de Valdevez se da cuenta enseguida de que el r\u00edo es el protagonista. El Vez atraviesa tranquilamente el pueblo, refleja las casas y los \u00e1rboles, sostiene el puente hist\u00f3rico y da vida a los jardines ribere\u00f1os. A su alrededor se organizan paseos, recuerdos, fotograf\u00edas, inmersiones veraniegas y viejas historias -incluida una que ayud\u00f3 a [...]<\/p>","protected":false},"author":1,"featured_media":2957,"comment_status":"open","ping_status":"open","sticky":false,"template":"","format":"standard","meta":{"footnotes":""},"categories":[11],"tags":[],"class_list":["post-2956","post","type-post","status-publish","format-standard","has-post-thumbnail","hentry","category-trilho"],"_links":{"self":[{"href":"https:\/\/valedovez.pt\/es\/wp-json\/wp\/v2\/posts\/2956","targetHints":{"allow":["GET"]}}],"collection":[{"href":"https:\/\/valedovez.pt\/es\/wp-json\/wp\/v2\/posts"}],"about":[{"href":"https:\/\/valedovez.pt\/es\/wp-json\/wp\/v2\/types\/post"}],"author":[{"embeddable":true,"href":"https:\/\/valedovez.pt\/es\/wp-json\/wp\/v2\/users\/1"}],"replies":[{"embeddable":true,"href":"https:\/\/valedovez.pt\/es\/wp-json\/wp\/v2\/comments?post=2956"}],"version-history":[{"count":0,"href":"https:\/\/valedovez.pt\/es\/wp-json\/wp\/v2\/posts\/2956\/revisions"}],"wp:featuredmedia":[{"embeddable":true,"href":"https:\/\/valedovez.pt\/es\/wp-json\/wp\/v2\/media\/2957"}],"wp:attachment":[{"href":"https:\/\/valedovez.pt\/es\/wp-json\/wp\/v2\/media?parent=2956"}],"wp:term":[{"taxonomy":"category","embeddable":true,"href":"https:\/\/valedovez.pt\/es\/wp-json\/wp\/v2\/categories?post=2956"},{"taxonomy":"post_tag","embeddable":true,"href":"https:\/\/valedovez.pt\/es\/wp-json\/wp\/v2\/tags?post=2956"}],"curies":[{"name":"wp","href":"https:\/\/api.w.org\/{rel}","templated":true}]}}