{"id":2950,"date":"2025-12-02T22:47:34","date_gmt":"2025-12-02T22:47:34","guid":{"rendered":"https:\/\/valedovez.pt\/?p=2950"},"modified":"2025-12-02T22:54:52","modified_gmt":"2025-12-02T22:54:52","slug":"puerta-mezio","status":"publish","type":"post","link":"https:\/\/valedovez.pt\/es\/puerta-mezio\/","title":{"rendered":"Puerta de Mezio"},"content":{"rendered":"<p>Mucha gente dice que el Parque Nacional de Peneda-Ger\u00eas empieza en la Puerta de Mezio. No es una frontera oficial, por supuesto, pero es un punto en el que la monta\u00f1a se hace m\u00e1s cercana, m\u00e1s organizada y m\u00e1s accesible. Para las familias, los curiosos y los amantes de la naturaleza, es la forma m\u00e1s sencilla de \u201cabrir la puerta\u201d a la monta\u00f1a.<\/p>\n\n\n\n<p>La carretera asciende entre bosques, suaves curvas y peque\u00f1os parajes hasta que, de repente, el paisaje se abre en una amplia meseta. All\u00ed est\u00e1 Porta do Mezio: un conjunto de edificios integrados en el paisaje, rodeados de \u00e1rboles, caminos, estructuras de madera, espacios de ocio y esa agradable sensaci\u00f3n de aire m\u00e1s ligero.<\/p>\n\n\n\n<div style=\"height:35px\" aria-hidden=\"true\" class=\"wp-block-spacer\"><\/div>\n\n\n\n<h4 class=\"wp-block-heading\">Un parque por descubrir<\/h4>\n\n\n\n<p>La gran fuerza de Porta do Mezio es que es, al mismo tiempo, <strong>punto de llegada y punto de partida<\/strong>.<\/p>\n\n\n\n<p>Cuando llegues, porque enseguida te ofrece varias cosas que puedes hacer all\u00ed mismo:<\/p>\n\n\n\n<ul class=\"wp-block-list\">\n<li>caminar por senderos cortos bien se\u00f1alizados;<\/li>\n\n\n\n<li>subir a peque\u00f1os miradores;<\/li>\n\n\n\n<li>Deje que los ni\u00f1os exploren parques, casas de madera y senderos de aventura;<\/li>\n\n\n\n<li>Rel\u00e1jese en una zona de picnic o junto a la piscina de temporada;<\/li>\n\n\n\n<li>visite el centro de interpretaci\u00f3n, que explica la fauna, la flora y la historia humana de esta zona.<\/li>\n<\/ul>\n\n\n\n<p>Es un punto de partida, porque desde aqu\u00ed encontrar\u00e1s senderos hacia el interior de las monta\u00f1as, a brandas, miradores, cursos de agua y paisajes m\u00e1s salvajes. Para muchos visitantes, la primera visita es \u201cs\u00f3lo\u201d a la Porta; en la segunda, quieren ir m\u00e1s lejos, seguir un sendero m\u00e1s largo, explorar un poco m\u00e1s.<\/p>\n\n\n\n<div style=\"height:35px\" aria-hidden=\"true\" class=\"wp-block-spacer\"><\/div>\n\n\n\n<h4 class=\"wp-block-heading\">Una experiencia dise\u00f1ada para ser sencilla<\/h4>\n\n\n\n<p>Una de las grandes ventajas de Porta do Mezio es que libera de la carga log\u00edstica a quienes desean visitar la monta\u00f1a sin complicaciones.<\/p>\n\n\n\n<p>Para quienes viajan en familia, el valor es evidente:<\/p>\n\n\n\n<ul class=\"wp-block-list\">\n<li>ba\u00f1os,<\/li>\n\n\n\n<li>zonas de sombra,<\/li>\n\n\n\n<li>informaci\u00f3n clara,<\/li>\n\n\n\n<li>rutas adaptadas a diferentes edades,<\/li>\n\n\n\n<li>espacios donde los ni\u00f1os puedan correr, trepar y jugar sin demasiado riesgo.<\/li>\n<\/ul>\n\n\n\n<p>Para quien no conozca bien Ger\u00eas, es un c\u00f3modo \u201ccampamento base\u201d: hay mapas, paneles explicativos, rutas sugeridas y advertencias de seguridad. En lugar de empezar en una carretera de monta\u00f1a perdida, se empieza en un lugar donde hay alguien que sabe responder a la pregunta: \u201c\u00bfQu\u00e9 me recomienda para hoy?\u201d.\u201d<\/p>\n\n\n\n<p>Todo ello hace que la experiencia resulte menos intimidatoria. Las monta\u00f1as dejan de ser algo lejano y se convierten en algo que se puede experimentar despacio, con sensatez y placer.<\/p>\n\n\n\n<div style=\"height:35px\" aria-hidden=\"true\" class=\"wp-block-spacer\"><\/div>\n\n\n\n<h4 class=\"wp-block-heading\">La naturaleza al lado de casa<\/h4>\n\n\n\n<p>Aunque Porta do Mezio cuenta con infraestructuras, nunca da la sensaci\u00f3n de estar en un parque urbano. Basta con alejarse unas decenas de metros para sentirlo:<\/p>\n\n\n\n<ul class=\"wp-block-list\">\n<li>el olor de la vegetaci\u00f3n de monta\u00f1a,<\/li>\n\n\n\n<li>el sonido de los p\u00e1jaros,<\/li>\n\n\n\n<li>el viento pasando por las copas de los robles y los pinos,<\/li>\n\n\n\n<li>el contraste entre la luz abierta de los claros y la sombra fresca del bosque.<\/li>\n<\/ul>\n\n\n\n<p>Los senderos m\u00e1s cortos permiten hacerse una idea del paisaje sin demasiados desniveles ni dificultades t\u00e9cnicas. Basta con darse cuenta de lo variado que es el territorio: rocas, matorral, \u00e1rboles viejos, discretas l\u00edneas de agua, peque\u00f1os claros con vistas.<\/p>\n\n\n\n<p>Para los que dispongan de m\u00e1s tiempo y preparaci\u00f3n, tambi\u00e9n hay rutas m\u00e1s exigentes desde aqu\u00ed, que ascienden a mayores altitudes y muestran las monta\u00f1as en su estado m\u00e1s amplio y tranquilo.<\/p>\n\n\n\n<div style=\"height:35px\" aria-hidden=\"true\" class=\"wp-block-spacer\"><\/div>\n\n\n\n<h4 class=\"wp-block-heading\">Un d\u00eda entero o una parada estrat\u00e9gica<\/h4>\n\n\n\n<p>La Puerta de Mezio se adapta f\u00e1cilmente a distintos tipos de visita.<\/p>\n\n\n\n<ul class=\"wp-block-list\">\n<li><strong>Visita corta:<\/strong> ideal para los que est\u00e1n de paso por Arcos de Valdevez y quieren \u201csentir la monta\u00f1a\u201d en dos o tres horas. Subes, visitas la zona, haces un peque\u00f1o sendero, tomas un caf\u00e9, aprovechas el mirador y vuelves.<\/li>\n\n\n\n<li><strong>D\u00eda completo:<\/strong> perfecto para familias o grupos que quieran combinar un paseo, un picnic, juegos al aire libre y un chapuz\u00f3n en la piscina (cuando funciona). El d\u00eda pasa antes de que te des cuenta, entre senderos, descansos, conversaciones y descubrimientos.<\/li>\n\n\n\n<li><strong>Base para explorar:<\/strong> Si va a pasar unos d\u00edas en la regi\u00f3n, Porta do Mezio puede ser su base para diferentes excursiones por las monta\u00f1as, planificando cada d\u00eda con informaci\u00f3n fiable.<\/li>\n<\/ul>\n\n\n\n<p>En cualquier caso, la gran ventaja es la misma: te marchas con la sensaci\u00f3n de haber estado en el coraz\u00f3n de una zona de monta\u00f1a, sin necesidad de tener experiencia t\u00e9cnica ni una gran planificaci\u00f3n previa.<\/p>\n\n\n\n<div style=\"height:35px\" aria-hidden=\"true\" class=\"wp-block-spacer\"><\/div>\n\n\n\n<h4 class=\"wp-block-heading\">Para los que lo son y para los que no lo son<\/h4>\n\n\n\n<p>Porta do Mezio est\u00e1 especialmente recomendado para:<\/p>\n\n\n\n<ul class=\"wp-block-list\">\n<li>familias con ni\u00f1os,<\/li>\n\n\n\n<li>personas a las que les gusta la naturaleza pero no tienen un h\u00e1bito de senderismo exigente,<\/li>\n\n\n\n<li>grupos mixtos, en los que unos quieren caminar m\u00e1s y otros prefieren quedarse cerca,<\/li>\n\n\n\n<li>que empiezan a descubrir Ger\u00eas y necesitan un primer contacto estructurado.<\/li>\n<\/ul>\n\n\n\n<p>Puede resultar menos interesante para quienes busquen experiencias totalmente solitarias, sin ning\u00fan tipo de infraestructura. En este caso, la puerta seguir\u00e1 siendo \u00fatil -como punto de entrada y fuente de informaci\u00f3n-, pero la experiencia deseada ser\u00e1 naturalmente m\u00e1s interior, en los caminos menos transitados.<\/p>\n\n\n\n<div style=\"height:35px\" aria-hidden=\"true\" class=\"wp-block-spacer\"><\/div>\n\n\n\n<h4 class=\"wp-block-heading\">Un delicado equilibrio<\/h4>\n\n\n\n<p>Como cualquier espacio natural con buena accesibilidad, Porta do Mezio se encuentra en un permanente estado de equilibrio entre <strong>abrir el territorio<\/strong> e <strong>proteger el territorio<\/strong>.<\/p>\n\n\n\n<p>Los visitantes pueden ayudar a mantener este equilibrio con gestos sencillos:<\/p>\n\n\n\n<ul class=\"wp-block-list\">\n<li>siga las rutas se\u00f1alizadas,<\/li>\n\n\n\n<li>evite encender fuego fuera de las zonas autorizadas,<\/li>\n\n\n\n<li>no dejes basura,<\/li>\n\n\n\n<li>respetar la fauna y la flora,<\/li>\n\n\n\n<li>moderar el ruido.<\/li>\n<\/ul>\n\n\n\n<p>Es un peque\u00f1o precio a pagar a cambio del privilegio de acceder f\u00e1cilmente a uno de los espacios naturales m\u00e1s sorprendentes de Portugal.<\/p>","protected":false},"excerpt":{"rendered":"<p>Mucha gente dice que el Parque Nacional de Peneda-Ger\u00eas empieza en la Puerta de Mezio. No es una frontera oficial, por supuesto, pero es un punto en el que la monta\u00f1a se hace m\u00e1s cercana, m\u00e1s organizada y m\u00e1s accesible. Para las familias, los curiosos y los amantes de la naturaleza, es la forma m\u00e1s sencilla de \u201cabrir la puerta\u201d a la monta\u00f1a. [...]<\/p>","protected":false},"author":1,"featured_media":2962,"comment_status":"open","ping_status":"open","sticky":false,"template":"","format":"standard","meta":{"footnotes":""},"categories":[12],"tags":[],"class_list":["post-2950","post","type-post","status-publish","format-standard","has-post-thumbnail","hentry","category-natureza"],"_links":{"self":[{"href":"https:\/\/valedovez.pt\/es\/wp-json\/wp\/v2\/posts\/2950","targetHints":{"allow":["GET"]}}],"collection":[{"href":"https:\/\/valedovez.pt\/es\/wp-json\/wp\/v2\/posts"}],"about":[{"href":"https:\/\/valedovez.pt\/es\/wp-json\/wp\/v2\/types\/post"}],"author":[{"embeddable":true,"href":"https:\/\/valedovez.pt\/es\/wp-json\/wp\/v2\/users\/1"}],"replies":[{"embeddable":true,"href":"https:\/\/valedovez.pt\/es\/wp-json\/wp\/v2\/comments?post=2950"}],"version-history":[{"count":0,"href":"https:\/\/valedovez.pt\/es\/wp-json\/wp\/v2\/posts\/2950\/revisions"}],"wp:featuredmedia":[{"embeddable":true,"href":"https:\/\/valedovez.pt\/es\/wp-json\/wp\/v2\/media\/2962"}],"wp:attachment":[{"href":"https:\/\/valedovez.pt\/es\/wp-json\/wp\/v2\/media?parent=2950"}],"wp:term":[{"taxonomy":"category","embeddable":true,"href":"https:\/\/valedovez.pt\/es\/wp-json\/wp\/v2\/categories?post=2950"},{"taxonomy":"post_tag","embeddable":true,"href":"https:\/\/valedovez.pt\/es\/wp-json\/wp\/v2\/tags?post=2950"}],"curies":[{"name":"wp","href":"https:\/\/api.w.org\/{rel}","templated":true}]}}