{"id":2945,"date":"2025-12-02T22:44:16","date_gmt":"2025-12-02T22:44:16","guid":{"rendered":"https:\/\/valedovez.pt\/?p=2945"},"modified":"2025-12-02T22:54:43","modified_gmt":"2025-12-02T22:54:43","slug":"graneros-y-pueblo-de-soajo","status":"publish","type":"post","link":"https:\/\/valedovez.pt\/es\/graneros-y-pueblo-de-soajo\/","title":{"rendered":"Graneros y pueblo de Soajo"},"content":{"rendered":"<p>Llegar a Soajo es entrar en un pueblo de monta\u00f1a donde todo parece tallado en la misma piedra. La carretera sube, las curvas te acercan a las monta\u00f1as y, de repente, aparecen las casas concentradas, abrazadas por las colinas. En la cima, destacan las inconfundibles siluetas de los graneros, alineados sobre una enorme losa de granito. Es all\u00ed, en esa era comunitaria, donde Soajo se presenta al mundo.<\/p>\n\n\n\n<div style=\"height:35px\" aria-hidden=\"true\" class=\"wp-block-spacer\"><\/div>\n\n\n\n<h4 class=\"wp-block-heading\">La era donde se atesoraba el ma\u00edz<\/h4>\n\n\n\n<p>En <strong>Graneros de Soajo<\/strong> Hay 24. Todas son de granito, construidas sobre un afloramiento rocoso, una al lado de la otra, como si formaran un peque\u00f1o pueblo dentro del pueblo. Durante siglos custodiaron el ma\u00edz, protegi\u00e9ndolo de la humedad, las ratas y otras plagas. Hoy, sobre todo, conservan el recuerdo de una forma de vivir en comunidad.<\/p>\n\n\n\n<p>Cada granero tiene su propia personalidad: fechas grabadas, cruces en la parte superior, peque\u00f1os detalles que revelan el tiempo y la mano de quienes los construyeron. El m\u00e1s antiguo data del siglo XVIII, pero todos siguen ah\u00ed, firmes, desafiando la lluvia, el viento y las d\u00e9cadas.<\/p>\n\n\n\n<p>Cuando subes a la era, te das cuenta de por qu\u00e9 ha sido clasificada como <strong>Bienes de Inter\u00e9s P\u00fablico<\/strong>. La vista se abre al valle, el granito brilla con la luz y se tiene la curiosa sensaci\u00f3n de estar en un lugar sagrado y cotidiano a la vez. Sagrado porque all\u00ed se almacenaba el pan para todo el a\u00f1o; cotidiano porque era un lugar de tertulia, de trabajo compartido y de charla al final del d\u00eda.<\/p>\n\n\n\n<div style=\"height:35px\" aria-hidden=\"true\" class=\"wp-block-spacer\"><\/div>\n\n\n\n<h4 class=\"wp-block-heading\">Una ciudad que creci\u00f3 en torno a la piedra<\/h4>\n\n\n\n<p>Pero Soajo no es s\u00f3lo graneros. El pueblo vive, respira e invita a recorrerlo sin mapa en mano.<\/p>\n\n\n\n<p>Las calles son estrechas, muchas con aceras irregulares, bordeadas de casas de granito que muestran la mezcla entre lo antiguo y lo restaurado. En la plaza, las <strong>picota<\/strong> se yergue discretamente, con su peculiar figura, se\u00f1al de que Soajo fue anta\u00f1o un municipio y un centro local de toma de decisiones.<\/p>\n\n\n\n<p>Hay balcones con flores, puertas abiertas, un caf\u00e9 donde se habla de todo y de nada, un restaurante donde el olor a cabrito y roj\u00f5es se mezcla con el acento del Minho. No es una aldea museo: es un lugar real, con gente que trabaja, que va a la tienda, que conduce el tractor y que, al mismo tiempo, est\u00e1 acostumbrada a ver llegar a los visitantes con una c\u00e1mara en el pecho.<\/p>\n\n\n\n<div style=\"height:35px\" aria-hidden=\"true\" class=\"wp-block-spacer\"><\/div>\n\n\n\n<h4 class=\"wp-block-heading\">Entre el valle y las monta\u00f1as<\/h4>\n\n\n\n<p>Parte de la magia de Soajo tambi\u00e9n procede de su ubicaci\u00f3n. El pueblo forma parte del <strong>Parque Nacional de Peneda-Ger\u00eas<\/strong>, Est\u00e1 en un punto en el que las monta\u00f1as pueden ser abordadas, pero siguen teniendo un lado salvaje.<\/p>\n\n\n\n<p>A pocos minutos en coche o a pie encontrar\u00e1 cascadas, lagunas y senderos que hacen las delicias de los amantes del agua dulce y los caminos de monta\u00f1a: Po\u00e7o Negro, Po\u00e7o Bento, Lagoas de Travanca, entre otros.<\/p>\n\n\n\n<p>A menudo, la visita a los graneros se convierte en el punto de partida o de llegada de toda una jornada:<\/p>\n\n\n\n<ul class=\"wp-block-list\">\n<li>una ma\u00f1ana en un sendero o en un estanque,<\/li>\n\n\n\n<li>largo almuerzo en el pueblo,<\/li>\n\n\n\n<li>tarde subiendo a la era y vagando por las calles.<\/li>\n<\/ul>\n\n\n\n<div style=\"height:35px\" aria-hidden=\"true\" class=\"wp-block-spacer\"><\/div>\n\n\n\n<h4 class=\"wp-block-heading\">Un marco perfecto sin dejar de ser aut\u00e9ntico<\/h4>\n\n\n\n<p>Desde el punto de vista visual, los graneros son irresistibles. Al atardecer, cuando el sol se pone y la luz calienta, la piedra adquiere colores dorados y el valle parece m\u00e1s sereno. Es el momento ideal para hacer fotograf\u00edas, pero tambi\u00e9n para hacer algo que cada vez es menos frecuente: simplemente pararse y mirar.<\/p>\n\n\n\n<p>Al mismo tiempo, es importante darse cuenta de que este \u201centorno perfecto\u201d no se construy\u00f3 para los turistas. Es el resultado de necesidades muy concretas: proteger los cultivos, organizar el trabajo, compartir los recursos. La era es un s\u00edmbolo de <strong>cultura de ayuda mutua<\/strong> que define el car\u00e1cter de esta comunidad.<\/p>\n\n\n\n<p>Esta autenticidad se percibe en los peque\u00f1os detalles: un anciano que explica c\u00f3mo se trillaba el ma\u00edz, una familia que a\u00fan utiliza uno de los graneros, la naturalidad con la que los lugare\u00f1os interact\u00faan con los forasteros.<\/p>\n\n\n\n<div style=\"height:35px\" aria-hidden=\"true\" class=\"wp-block-spacer\"><\/div>\n\n\n\n<h4 class=\"wp-block-heading\">C\u00f3mo vivir en Soajo con tiempo<\/h4>\n\n\n\n<p>La mejor manera de conocer Soajo es no verlo como una \u201cparada fotogr\u00e1fica r\u00e1pida\u201d. Merece la pena dedicarle al menos medio d\u00eda, e idealmente un d\u00eda entero, para impregnarse de su ambiente.<\/p>\n\n\n\n<p>Un ritmo posible:<\/p>\n\n\n\n<ul class=\"wp-block-list\">\n<li>empezar en la era del granero, temprano por la ma\u00f1ana o tarde por la noche, cuando hay menos tr\u00e1fico;<\/li>\n\n\n\n<li>bajar al centro, explorar la plaza, la picota, la iglesia, las callejuelas;<\/li>\n\n\n\n<li>Si\u00e9ntese en una terraza, saboree una copa de vinho verde y escuche las conversaciones a su alrededor;<\/li>\n\n\n\n<li>termine con un breve paseo hasta un abrevadero cercano o, por el contrario, empiece por la naturaleza y deje los graneros para la parte m\u00e1s tranquila del d\u00eda.<\/li>\n<\/ul>\n\n\n\n<p>Los que deciden quedarse en Soajo ganan otra dimensi\u00f3n: el silencio de la noche, el cielo estrellado, el privilegio de ver la era casi vac\u00eda al amanecer.<\/p>\n\n\n\n<div style=\"height:35px\" aria-hidden=\"true\" class=\"wp-block-spacer\"><\/div>\n\n\n\n<h4 class=\"wp-block-heading\">Respetar un patrimonio que pertenece a todos, pero sobre todo a ellos<\/h4>\n\n\n\n<p>Como ocurre con otros lugares muy fotog\u00e9nicos, el mayor reto en Soajo es equilibrar la curiosidad de quienes lo visitan con la tranquilidad de quienes viven all\u00ed. La conservaci\u00f3n de este patrimonio tambi\u00e9n depende del comportamiento de los visitantes.<\/p>\n\n\n\n<p>Se trata de cosas sencillas:<\/p>\n\n\n\n<ul class=\"wp-block-list\">\n<li>no subas a los graneros,<\/li>\n\n\n\n<li>no entre en zonas privadas,<\/li>\n\n\n\n<li>no dejes basura,<\/li>\n\n\n\n<li>moderar el ruido,<\/li>\n\n\n\n<li>pregunta antes de fotografiar a la gente.<\/li>\n<\/ul>\n\n\n\n<p>Es un intercambio justo: a cambio de respeto, Soajo ofrece uno de los conjuntos rurales m\u00e1s llamativos del pa\u00eds, un pueblo que muestra con naturalidad c\u00f3mo la vida en comunidad ha moldeado el paisaje.<\/p>","protected":false},"excerpt":{"rendered":"<p>Llegar a Soajo es entrar en un pueblo de monta\u00f1a donde todo parece tallado en la misma piedra. La carretera sube, las curvas te acercan a las monta\u00f1as y, de repente, aparecen las casas concentradas, abrazadas por las colinas. En la cima, destacan las inconfundibles siluetas de los graneros, alineados sobre una enorme losa de granito. Es ah\u00ed, en ese [...]<\/p>","protected":false},"author":1,"featured_media":2948,"comment_status":"open","ping_status":"open","sticky":false,"template":"","format":"standard","meta":{"footnotes":""},"categories":[12],"tags":[],"class_list":["post-2945","post","type-post","status-publish","format-standard","has-post-thumbnail","hentry","category-natureza"],"_links":{"self":[{"href":"https:\/\/valedovez.pt\/es\/wp-json\/wp\/v2\/posts\/2945","targetHints":{"allow":["GET"]}}],"collection":[{"href":"https:\/\/valedovez.pt\/es\/wp-json\/wp\/v2\/posts"}],"about":[{"href":"https:\/\/valedovez.pt\/es\/wp-json\/wp\/v2\/types\/post"}],"author":[{"embeddable":true,"href":"https:\/\/valedovez.pt\/es\/wp-json\/wp\/v2\/users\/1"}],"replies":[{"embeddable":true,"href":"https:\/\/valedovez.pt\/es\/wp-json\/wp\/v2\/comments?post=2945"}],"version-history":[{"count":0,"href":"https:\/\/valedovez.pt\/es\/wp-json\/wp\/v2\/posts\/2945\/revisions"}],"wp:featuredmedia":[{"embeddable":true,"href":"https:\/\/valedovez.pt\/es\/wp-json\/wp\/v2\/media\/2948"}],"wp:attachment":[{"href":"https:\/\/valedovez.pt\/es\/wp-json\/wp\/v2\/media?parent=2945"}],"wp:term":[{"taxonomy":"category","embeddable":true,"href":"https:\/\/valedovez.pt\/es\/wp-json\/wp\/v2\/categories?post=2945"},{"taxonomy":"post_tag","embeddable":true,"href":"https:\/\/valedovez.pt\/es\/wp-json\/wp\/v2\/tags?post=2945"}],"curies":[{"name":"wp","href":"https:\/\/api.w.org\/{rel}","templated":true}]}}